{"id":2293,"date":"2023-10-02T15:22:13","date_gmt":"2023-10-02T13:22:13","guid":{"rendered":"https:\/\/futurh.be\/?p=2293"},"modified":"2023-10-02T16:03:45","modified_gmt":"2023-10-02T14:03:45","slug":"journee-de-lapprentissage-des-adultes","status":"publish","type":"post","link":"https:\/\/futurh.be\/index.php\/2023\/10\/02\/journee-de-lapprentissage-des-adultes\/","title":{"rendered":"Journ\u00e9e de l&rsquo;apprentissage des adultes"},"content":{"rendered":"\t\t<div data-elementor-type=\"wp-post\" data-elementor-id=\"2293\" class=\"elementor elementor-2293\">\n\t\t\t\t<div class=\"elementor-element elementor-element-d2b5182 e-flex e-con-boxed e-con e-parent\" data-id=\"d2b5182\" data-element_type=\"container\">\n\t\t\t\t\t<div class=\"e-con-inner\">\n\t\t\t\t<div class=\"elementor-element elementor-element-d655c8a elementor-widget elementor-widget-read-more\" data-id=\"d655c8a\" data-element_type=\"widget\" data-widget_type=\"read-more.default\">\n\t\t\t\t<div class=\"elementor-widget-container\">\n\t\t\t\t\t<\/div><\/div><\/div><\/div><\/div> &hellip;<p class=\"ast-the-content-more-link\"> <a class=\"\" href=\"https:\/\/futurh.be\/index.php\/2023\/10\/02\/journee-de-lapprentissage-des-adultes\/\"> <span class=\"screen-reader-text\">Journ\u00e9e de l&rsquo;apprentissage des adultes<\/span>Lire la suite\u00a0\u00bb<\/a><\/p>","protected":false},"excerpt":{"rendered":"","protected":false},"author":1,"featured_media":0,"comment_status":"open","ping_status":"open","sticky":false,"template":"","format":"standard","meta":{"site-sidebar-layout":"default","site-content-layout":"","ast-site-content-layout":"default","site-content-style":"default","site-sidebar-style":"default","ast-global-header-display":"","ast-banner-title-visibility":"","ast-main-header-display":"","ast-hfb-above-header-display":"","ast-hfb-below-header-display":"","ast-hfb-mobile-header-display":"","site-post-title":"","ast-breadcrumbs-content":"","ast-featured-img":"","footer-sml-layout":"","theme-transparent-header-meta":"","adv-header-id-meta":"","stick-header-meta":"","header-above-stick-meta":"","header-main-stick-meta":"","header-below-stick-meta":"","astra-migrate-meta-layouts":"set","ast-page-background-enabled":"default","ast-page-background-meta":{"desktop":{"background-color":"var(--ast-global-color-4)","background-image":"","background-repeat":"repeat","background-position":"center center","background-size":"auto","background-attachment":"scroll","background-type":"","background-media":"","overlay-type":"","overlay-color":"","overlay-opacity":"","overlay-gradient":""},"tablet":{"background-color":"","background-image":"","background-repeat":"repeat","background-position":"center center","background-size":"auto","background-attachment":"scroll","background-type":"","background-media":"","overlay-type":"","overlay-color":"","overlay-opacity":"","overlay-gradient":""},"mobile":{"background-color":"","background-image":"","background-repeat":"repeat","background-position":"center center","background-size":"auto","background-attachment":"scroll","background-type":"","background-media":"","overlay-type":"","overlay-color":"","overlay-opacity":"","overlay-gradient":""}},"ast-content-background-meta":{"desktop":{"background-color":"var(--ast-global-color-5)","background-image":"","background-repeat":"repeat","background-position":"center center","background-size":"auto","background-attachment":"scroll","background-type":"","background-media":"","overlay-type":"","overlay-color":"","overlay-opacity":"","overlay-gradient":""},"tablet":{"background-color":"var(--ast-global-color-5)","background-image":"","background-repeat":"repeat","background-position":"center center","background-size":"auto","background-attachment":"scroll","background-type":"","background-media":"","overlay-type":"","overlay-color":"","overlay-opacity":"","overlay-gradient":""},"mobile":{"background-color":"var(--ast-global-color-5)","background-image":"","background-repeat":"repeat","background-position":"center center","background-size":"auto","background-attachment":"scroll","background-type":"","background-media":"","overlay-type":"","overlay-color":"","overlay-opacity":"","overlay-gradient":""}},"footnotes":""},"categories":[32],"tags":[],"class_list":["post-2293","post","type-post","status-publish","format-standard","hentry","category-actualite"],"yoast_head":"<!-- This site is optimized with the Yoast SEO plugin v25.8 - https:\/\/yoast.com\/wordpress\/plugins\/seo\/ -->\n<title>Journ\u00e9e de l&#039;apprentissage des adultes - Futur H<\/title>\n<meta name=\"robots\" content=\"index, follow, max-snippet:-1, max-image-preview:large, max-video-preview:-1\" \/>\n<link rel=\"canonical\" href=\"https:\/\/futurh.be\/index.php\/2023\/10\/02\/journee-de-lapprentissage-des-adultes\/\" \/>\n<meta property=\"og:locale\" content=\"fr_FR\" \/>\n<meta property=\"og:type\" content=\"article\" \/>\n<meta property=\"og:title\" content=\"Journ\u00e9e de l&#039;apprentissage des adultes - Futur H\" \/>\n<meta property=\"og:url\" content=\"https:\/\/futurh.be\/index.php\/2023\/10\/02\/journee-de-lapprentissage-des-adultes\/\" \/>\n<meta property=\"og:site_name\" content=\"Futur H\" \/>\n<meta property=\"article:publisher\" content=\"https:\/\/www.facebook.com\/asbl.Futur.H\" \/>\n<meta property=\"article:published_time\" content=\"2023-10-02T13:22:13+00:00\" \/>\n<meta property=\"article:modified_time\" content=\"2023-10-02T14:03:45+00:00\" \/>\n<meta property=\"og:image\" content=\"https:\/\/futurh.be\/wp-content\/uploads\/2023\/10\/JAABF-CARRE-RS-768x768.png\" \/>\n<meta name=\"author\" content=\"Admin site\" \/>\n<meta name=\"twitter:card\" content=\"summary_large_image\" \/>\n<meta name=\"twitter:label1\" content=\"\u00c9crit par\" \/>\n\t<meta name=\"twitter:data1\" content=\"Admin site\" \/>\n\t<meta name=\"twitter:label2\" content=\"Dur\u00e9e de lecture estim\u00e9e\" \/>\n\t<meta name=\"twitter:data2\" content=\"2 minutes\" \/>\n<script type=\"application\/ld+json\" class=\"yoast-schema-graph\">{\"@context\":\"https:\/\/schema.org\",\"@graph\":[{\"@type\":\"Article\",\"@id\":\"https:\/\/futurh.be\/index.php\/2023\/10\/02\/journee-de-lapprentissage-des-adultes\/#article\",\"isPartOf\":{\"@id\":\"https:\/\/futurh.be\/index.php\/2023\/10\/02\/journee-de-lapprentissage-des-adultes\/\"},\"author\":{\"name\":\"Admin site\",\"@id\":\"https:\/\/futurh.be\/#\/schema\/person\/5ea03d4b7a89358b2c243df17e84bbb1\"},\"headline\":\"Journ\u00e9e de l&rsquo;apprentissage des adultes\",\"datePublished\":\"2023-10-02T13:22:13+00:00\",\"dateModified\":\"2023-10-02T14:03:45+00:00\",\"mainEntityOfPage\":{\"@id\":\"https:\/\/futurh.be\/index.php\/2023\/10\/02\/journee-de-lapprentissage-des-adultes\/\"},\"wordCount\":155,\"commentCount\":0,\"publisher\":{\"@id\":\"https:\/\/futurh.be\/#organization\"},\"image\":{\"@id\":\"https:\/\/futurh.be\/index.php\/2023\/10\/02\/journee-de-lapprentissage-des-adultes\/#primaryimage\"},\"thumbnailUrl\":\"https:\/\/futurh.be\/wp-content\/uploads\/2023\/10\/JAABF-CARRE-RS-768x768.png\",\"articleSection\":[\"Actualit\u00e9\"],\"inLanguage\":\"fr-FR\",\"potentialAction\":[{\"@type\":\"CommentAction\",\"name\":\"Comment\",\"target\":[\"https:\/\/futurh.be\/index.php\/2023\/10\/02\/journee-de-lapprentissage-des-adultes\/#respond\"]}]},{\"@type\":\"WebPage\",\"@id\":\"https:\/\/futurh.be\/index.php\/2023\/10\/02\/journee-de-lapprentissage-des-adultes\/\",\"url\":\"https:\/\/futurh.be\/index.php\/2023\/10\/02\/journee-de-lapprentissage-des-adultes\/\",\"name\":\"Journ\u00e9e de l'apprentissage des adultes - Futur H\",\"isPartOf\":{\"@id\":\"https:\/\/futurh.be\/#website\"},\"primaryImageOfPage\":{\"@id\":\"https:\/\/futurh.be\/index.php\/2023\/10\/02\/journee-de-lapprentissage-des-adultes\/#primaryimage\"},\"image\":{\"@id\":\"https:\/\/futurh.be\/index.php\/2023\/10\/02\/journee-de-lapprentissage-des-adultes\/#primaryimage\"},\"thumbnailUrl\":\"https:\/\/futurh.be\/wp-content\/uploads\/2023\/10\/JAABF-CARRE-RS-768x768.png\",\"datePublished\":\"2023-10-02T13:22:13+00:00\",\"dateModified\":\"2023-10-02T14:03:45+00:00\",\"breadcrumb\":{\"@id\":\"https:\/\/futurh.be\/index.php\/2023\/10\/02\/journee-de-lapprentissage-des-adultes\/#breadcrumb\"},\"inLanguage\":\"fr-FR\",\"potentialAction\":[{\"@type\":\"ReadAction\",\"target\":[\"https:\/\/futurh.be\/index.php\/2023\/10\/02\/journee-de-lapprentissage-des-adultes\/\"]}]},{\"@type\":\"ImageObject\",\"inLanguage\":\"fr-FR\",\"@id\":\"https:\/\/futurh.be\/index.php\/2023\/10\/02\/journee-de-lapprentissage-des-adultes\/#primaryimage\",\"url\":\"https:\/\/futurh.be\/wp-content\/uploads\/2023\/10\/JAABF-CARRE-RS.png\",\"contentUrl\":\"https:\/\/futurh.be\/wp-content\/uploads\/2023\/10\/JAABF-CARRE-RS.png\",\"width\":1080,\"height\":1080},{\"@type\":\"BreadcrumbList\",\"@id\":\"https:\/\/futurh.be\/index.php\/2023\/10\/02\/journee-de-lapprentissage-des-adultes\/#breadcrumb\",\"itemListElement\":[{\"@type\":\"ListItem\",\"position\":1,\"name\":\"Accueil\",\"item\":\"https:\/\/futurh.be\/\"},{\"@type\":\"ListItem\",\"position\":2,\"name\":\"Journ\u00e9e de l&rsquo;apprentissage des adultes\"}]},{\"@type\":\"WebSite\",\"@id\":\"https:\/\/futurh.be\/#website\",\"url\":\"https:\/\/futurh.be\/\",\"name\":\"Futur H\",\"description\":\"\",\"publisher\":{\"@id\":\"https:\/\/futurh.be\/#organization\"},\"potentialAction\":[{\"@type\":\"SearchAction\",\"target\":{\"@type\":\"EntryPoint\",\"urlTemplate\":\"https:\/\/futurh.be\/?s={search_term_string}\"},\"query-input\":{\"@type\":\"PropertyValueSpecification\",\"valueRequired\":true,\"valueName\":\"search_term_string\"}}],\"inLanguage\":\"fr-FR\"},{\"@type\":\"Organization\",\"@id\":\"https:\/\/futurh.be\/#organization\",\"name\":\"FUTUR H ASBL\",\"url\":\"https:\/\/futurh.be\/\",\"logo\":{\"@type\":\"ImageObject\",\"inLanguage\":\"fr-FR\",\"@id\":\"https:\/\/futurh.be\/#\/schema\/logo\/image\/\",\"url\":\"https:\/\/futurh.be\/wp-content\/uploads\/2023\/07\/LOGO_FUTUR-H-e1690377212662.png\",\"contentUrl\":\"https:\/\/futurh.be\/wp-content\/uploads\/2023\/07\/LOGO_FUTUR-H-e1690377212662.png\",\"width\":350,\"height\":298,\"caption\":\"FUTUR H ASBL\"},\"image\":{\"@id\":\"https:\/\/futurh.be\/#\/schema\/logo\/image\/\"},\"sameAs\":[\"https:\/\/www.facebook.com\/asbl.Futur.H\",\"https:\/\/www.linkedin.com\/in\/futur-h-asbl-818496221\/\"]},{\"@type\":\"Person\",\"@id\":\"https:\/\/futurh.be\/#\/schema\/person\/5ea03d4b7a89358b2c243df17e84bbb1\",\"name\":\"Admin site\",\"image\":{\"@type\":\"ImageObject\",\"inLanguage\":\"fr-FR\",\"@id\":\"https:\/\/futurh.be\/#\/schema\/person\/image\/\",\"url\":\"https:\/\/secure.gravatar.com\/avatar\/11d539b7bf1e5d0e19da8571a7362b91f3644686975bf3a439870ee43223893f?s=96&d=mm&r=g\",\"contentUrl\":\"https:\/\/secure.gravatar.com\/avatar\/11d539b7bf1e5d0e19da8571a7362b91f3644686975bf3a439870ee43223893f?s=96&d=mm&r=g\",\"caption\":\"Admin site\"},\"sameAs\":[\"http:\/\/futurh.be\"],\"url\":\"https:\/\/futurh.be\/index.php\/author\/adminwebfhnf\/\"}]}<\/script>\n<!-- \/ Yoast SEO plugin. -->","yoast_head_json":{"title":"Journ\u00e9e de l'apprentissage des adultes - Futur H","robots":{"index":"index","follow":"follow","max-snippet":"max-snippet:-1","max-image-preview":"max-image-preview:large","max-video-preview":"max-video-preview:-1"},"canonical":"https:\/\/futurh.be\/index.php\/2023\/10\/02\/journee-de-lapprentissage-des-adultes\/","og_locale":"fr_FR","og_type":"article","og_title":"Journ\u00e9e de l'apprentissage des adultes - Futur H","og_url":"https:\/\/futurh.be\/index.php\/2023\/10\/02\/journee-de-lapprentissage-des-adultes\/","og_site_name":"Futur H","article_publisher":"https:\/\/www.facebook.com\/asbl.Futur.H","article_published_time":"2023-10-02T13:22:13+00:00","article_modified_time":"2023-10-02T14:03:45+00:00","og_image":[{"url":"https:\/\/futurh.be\/wp-content\/uploads\/2023\/10\/JAABF-CARRE-RS-768x768.png","type":"","width":"","height":""}],"author":"Admin site","twitter_card":"summary_large_image","twitter_misc":{"\u00c9crit par":"Admin site","Dur\u00e9e de lecture estim\u00e9e":"2 minutes"},"schema":{"@context":"https:\/\/schema.org","@graph":[{"@type":"Article","@id":"https:\/\/futurh.be\/index.php\/2023\/10\/02\/journee-de-lapprentissage-des-adultes\/#article","isPartOf":{"@id":"https:\/\/futurh.be\/index.php\/2023\/10\/02\/journee-de-lapprentissage-des-adultes\/"},"author":{"name":"Admin site","@id":"https:\/\/futurh.be\/#\/schema\/person\/5ea03d4b7a89358b2c243df17e84bbb1"},"headline":"Journ\u00e9e de l&rsquo;apprentissage des adultes","datePublished":"2023-10-02T13:22:13+00:00","dateModified":"2023-10-02T14:03:45+00:00","mainEntityOfPage":{"@id":"https:\/\/futurh.be\/index.php\/2023\/10\/02\/journee-de-lapprentissage-des-adultes\/"},"wordCount":155,"commentCount":0,"publisher":{"@id":"https:\/\/futurh.be\/#organization"},"image":{"@id":"https:\/\/futurh.be\/index.php\/2023\/10\/02\/journee-de-lapprentissage-des-adultes\/#primaryimage"},"thumbnailUrl":"https:\/\/futurh.be\/wp-content\/uploads\/2023\/10\/JAABF-CARRE-RS-768x768.png","articleSection":["Actualit\u00e9"],"inLanguage":"fr-FR","potentialAction":[{"@type":"CommentAction","name":"Comment","target":["https:\/\/futurh.be\/index.php\/2023\/10\/02\/journee-de-lapprentissage-des-adultes\/#respond"]}]},{"@type":"WebPage","@id":"https:\/\/futurh.be\/index.php\/2023\/10\/02\/journee-de-lapprentissage-des-adultes\/","url":"https:\/\/futurh.be\/index.php\/2023\/10\/02\/journee-de-lapprentissage-des-adultes\/","name":"Journ\u00e9e de l'apprentissage des adultes - Futur H","isPartOf":{"@id":"https:\/\/futurh.be\/#website"},"primaryImageOfPage":{"@id":"https:\/\/futurh.be\/index.php\/2023\/10\/02\/journee-de-lapprentissage-des-adultes\/#primaryimage"},"image":{"@id":"https:\/\/futurh.be\/index.php\/2023\/10\/02\/journee-de-lapprentissage-des-adultes\/#primaryimage"},"thumbnailUrl":"https:\/\/futurh.be\/wp-content\/uploads\/2023\/10\/JAABF-CARRE-RS-768x768.png","datePublished":"2023-10-02T13:22:13+00:00","dateModified":"2023-10-02T14:03:45+00:00","breadcrumb":{"@id":"https:\/\/futurh.be\/index.php\/2023\/10\/02\/journee-de-lapprentissage-des-adultes\/#breadcrumb"},"inLanguage":"fr-FR","potentialAction":[{"@type":"ReadAction","target":["https:\/\/futurh.be\/index.php\/2023\/10\/02\/journee-de-lapprentissage-des-adultes\/"]}]},{"@type":"ImageObject","inLanguage":"fr-FR","@id":"https:\/\/futurh.be\/index.php\/2023\/10\/02\/journee-de-lapprentissage-des-adultes\/#primaryimage","url":"https:\/\/futurh.be\/wp-content\/uploads\/2023\/10\/JAABF-CARRE-RS.png","contentUrl":"https:\/\/futurh.be\/wp-content\/uploads\/2023\/10\/JAABF-CARRE-RS.png","width":1080,"height":1080},{"@type":"BreadcrumbList","@id":"https:\/\/futurh.be\/index.php\/2023\/10\/02\/journee-de-lapprentissage-des-adultes\/#breadcrumb","itemListElement":[{"@type":"ListItem","position":1,"name":"Accueil","item":"https:\/\/futurh.be\/"},{"@type":"ListItem","position":2,"name":"Journ\u00e9e de l&rsquo;apprentissage des adultes"}]},{"@type":"WebSite","@id":"https:\/\/futurh.be\/#website","url":"https:\/\/futurh.be\/","name":"Futur H","description":"","publisher":{"@id":"https:\/\/futurh.be\/#organization"},"potentialAction":[{"@type":"SearchAction","target":{"@type":"EntryPoint","urlTemplate":"https:\/\/futurh.be\/?s={search_term_string}"},"query-input":{"@type":"PropertyValueSpecification","valueRequired":true,"valueName":"search_term_string"}}],"inLanguage":"fr-FR"},{"@type":"Organization","@id":"https:\/\/futurh.be\/#organization","name":"FUTUR H ASBL","url":"https:\/\/futurh.be\/","logo":{"@type":"ImageObject","inLanguage":"fr-FR","@id":"https:\/\/futurh.be\/#\/schema\/logo\/image\/","url":"https:\/\/futurh.be\/wp-content\/uploads\/2023\/07\/LOGO_FUTUR-H-e1690377212662.png","contentUrl":"https:\/\/futurh.be\/wp-content\/uploads\/2023\/07\/LOGO_FUTUR-H-e1690377212662.png","width":350,"height":298,"caption":"FUTUR H ASBL"},"image":{"@id":"https:\/\/futurh.be\/#\/schema\/logo\/image\/"},"sameAs":["https:\/\/www.facebook.com\/asbl.Futur.H","https:\/\/www.linkedin.com\/in\/futur-h-asbl-818496221\/"]},{"@type":"Person","@id":"https:\/\/futurh.be\/#\/schema\/person\/5ea03d4b7a89358b2c243df17e84bbb1","name":"Admin site","image":{"@type":"ImageObject","inLanguage":"fr-FR","@id":"https:\/\/futurh.be\/#\/schema\/person\/image\/","url":"https:\/\/secure.gravatar.com\/avatar\/11d539b7bf1e5d0e19da8571a7362b91f3644686975bf3a439870ee43223893f?s=96&d=mm&r=g","contentUrl":"https:\/\/secure.gravatar.com\/avatar\/11d539b7bf1e5d0e19da8571a7362b91f3644686975bf3a439870ee43223893f?s=96&d=mm&r=g","caption":"Admin site"},"sameAs":["http:\/\/futurh.be"],"url":"https:\/\/futurh.be\/index.php\/author\/adminwebfhnf\/"}]}},"_links":{"self":[{"href":"https:\/\/futurh.be\/index.php\/wp-json\/wp\/v2\/posts\/2293","targetHints":{"allow":["GET"]}}],"collection":[{"href":"https:\/\/futurh.be\/index.php\/wp-json\/wp\/v2\/posts"}],"about":[{"href":"https:\/\/futurh.be\/index.php\/wp-json\/wp\/v2\/types\/post"}],"author":[{"embeddable":true,"href":"https:\/\/futurh.be\/index.php\/wp-json\/wp\/v2\/users\/1"}],"replies":[{"embeddable":true,"href":"https:\/\/futurh.be\/index.php\/wp-json\/wp\/v2\/comments?post=2293"}],"version-history":[{"count":12,"href":"https:\/\/futurh.be\/index.php\/wp-json\/wp\/v2\/posts\/2293\/revisions"}],"predecessor-version":[{"id":2308,"href":"https:\/\/futurh.be\/index.php\/wp-json\/wp\/v2\/posts\/2293\/revisions\/2308"}],"wp:attachment":[{"href":"https:\/\/futurh.be\/index.php\/wp-json\/wp\/v2\/media?parent=2293"}],"wp:term":[{"taxonomy":"category","embeddable":true,"href":"https:\/\/futurh.be\/index.php\/wp-json\/wp\/v2\/categories?post=2293"},{"taxonomy":"post_tag","embeddable":true,"href":"https:\/\/futurh.be\/index.php\/wp-json\/wp\/v2\/tags?post=2293"}],"curies":[{"name":"wp","href":"https:\/\/api.w.org\/{rel}","templated":true}]}}